{"id":1256,"date":"2026-08-28T16:58:13","date_gmt":"2026-08-28T23:58:13","guid":{"rendered":"https:\/\/veracidadinformativa.com\/?p=1256"},"modified":"2026-09-04T16:59:07","modified_gmt":"2026-09-04T23:59:07","slug":"la-uas-invita-a-la-comunidad-academica-al-xi-congreso-internacional-de-ciencias-sociales-investigadores-de-mexico-y-espana-debatiran-sobre-sostenibilidad-y-cambio-social","status":"publish","type":"post","link":"https:\/\/veracidadinformativa.com\/index.php\/2026\/08\/28\/la-uas-invita-a-la-comunidad-academica-al-xi-congreso-internacional-de-ciencias-sociales-investigadores-de-mexico-y-espana-debatiran-sobre-sostenibilidad-y-cambio-social\/","title":{"rendered":"La UAS invita a la comunidad acad\u00e9mica al XI Congreso Internacional de Ciencias Sociales; investigadores de M\u00e9xico y Espa\u00f1a debatir\u00e1n sobre sostenibilidad y cambio social*"},"content":{"rendered":"\n<p class=\"wp-block-paragraph\">Por tercera ocasi\u00f3n, la Facultad de Estudios Internacionales y Pol\u00edticas P\u00fablicas (FEIYPP) de la Universidad Aut\u00f3noma de Sinaloa (UAS) se une a la organizaci\u00f3n del XI Congreso Internacional de Ciencias Sociales UAS. El evento se llevar\u00e1 a cabo los d\u00edas 24 y 25 de septiembre en Mazatl\u00e1n, Sinaloa, y abrir\u00e1 un espacio para analizar las desigualdades, la sostenibilidad y las transformaciones sociales que enfrenta el mundo en el siglo XXI, con la participaci\u00f3n de docentes, investigadores y estudiantes de distintas \u00e1reas del conocimiento.<\/p>\n\n\n\n<p class=\"wp-block-paragraph\">El director del plantel, el doctor Yasser Orlando Espinoza Garc\u00eda, destac\u00f3 que el encuentro es resultado del trabajo conjunto entre la Facultad de Ciencias Econ\u00f3micas y Sociales, la Facultad de Estudios Internacionales y Pol\u00edticas P\u00fablicas y la Facultad de Ciencias Sociales de Mazatl\u00e1n, cuyos investigadores y cuerpos acad\u00e9micos convergen para compartir resultados y generar nuevas perspectivas.<\/p>\n\n\n\n<p class=\"wp-block-paragraph\">\u201cLa idea es que los investigadores que trabajan en conjunto muestren sus proyectos y cuenten con un foro en el que se involucren tanto estudiantes como docentes de las tres unidades acad\u00e9micas\u201d, manifest\u00f3.<\/p>\n\n\n\n<p class=\"wp-block-paragraph\">Detall\u00f3 que, bajo el eje tem\u00e1tico \u201cDesigualdades, sostenibilidad y transformaciones sociales en el siglo XXI\u201d, el Congreso busca vincular la generaci\u00f3n de conocimiento con los desaf\u00edos actuales de Sinaloa y M\u00e9xico. Asimismo, resalt\u00f3 que estas tem\u00e1ticas se alinean con los ejes del Plan de Desarrollo Institucional Con Visi\u00f3n de Futuro 2029, particularmente en materia de sostenibilidad y atenci\u00f3n a la brecha social.<\/p>\n\n\n\n<p class=\"wp-block-paragraph\">Precis\u00f3 que la respuesta acad\u00e9mica a la convocatoria se refleja en cerca de 104 ponencias registradas hasta el momento, adem\u00e1s de la participaci\u00f3n de ponentes y especialistas nacionales e internacionales.<\/p>\n\n\n\n<p class=\"wp-block-paragraph\">Espinoza Garc\u00eda adelant\u00f3 que se contar\u00e1 con la presencia de investigadores de Espa\u00f1a, as\u00ed como con conferencias magistrales y de clausura, lo que permitir\u00e1 ampliar el intercambio de conocimientos entre la comunidad universitaria y expertos internacionales. En ese sentido, confirm\u00f3 que la facultad da continuidad a la colaboraci\u00f3n mantenida en ediciones anteriores. Adem\u00e1s, la comunidad estudiantil tendr\u00e1 la oportunidad de asistir para complementar su formaci\u00f3n profesional.<\/p>\n\n\n\n<p class=\"wp-block-paragraph\">\u201cEl congreso iniciar\u00e1 el jueves 24 de septiembre y continuar\u00e1 el 25 con la conferencia inaugural y una serie de mesas de trabajo donde se abordar\u00e1n distintas tem\u00e1ticas\u201d, asever\u00f3.<\/p>\n\n\n\n<p class=\"wp-block-paragraph\">Cabe destacar que la asistencia al Congreso ser\u00e1 gratuita para el p\u00fablico en general; por su parte, quienes participen como ponentes deber\u00e1n cubrir la cuota establecida en la convocatoria. Para los estudiantes de la FEIyPP se habilit\u00f3 un paquete especial de 2,300 pesos que incluye traslado y hospedaje.<\/p>\n\n\n\n<p class=\"wp-block-paragraph\">Los interesados pueden acudir\u00e1 la Direcci\u00f3n de la Facultad o solicitar informaci\u00f3n con Mar\u00eda Dolores Ramos Delgado, encargada de eventos, quien tambi\u00e9n brindar\u00e1 detalles sobre los paquetes disponibles.<\/p>\n","protected":false},"excerpt":{"rendered":"<p>Por tercera ocasi\u00f3n, la Facultad de Estudios Internacionales y Pol\u00edticas P\u00fablicas (FEIYPP) de la Universidad Aut\u00f3noma de Sinaloa (UAS) se une a la organizaci\u00f3n del XI Congreso Internacional de Ciencias Sociales UAS. El evento se llevar\u00e1 a cabo los d\u00edas 24 y 25 de septiembre en Mazatl\u00e1n, Sinaloa, y abrir\u00e1 un espacio para analizar las&#46;&#46;&#46;<\/p>\n","protected":false},"author":2,"featured_media":1257,"comment_status":"closed","ping_status":"closed","sticky":false,"template":"","format":"standard","meta":{"_jetpack_newsletter_access":"","_jetpack_dont_email_post_to_subs":false,"_jetpack_newsletter_tier_id":0,"_jetpack_memberships_contains_paywalled_content":false,"_jetpack_feature_clip_id":0,"_jetpack_memberships_contains_paid_content":false,"footnotes":"","jetpack_publicize_message":"","jetpack_publicize_feature_enabled":true,"jetpack_social_post_already_shared":true,"jetpack_social_options":{"image_generator_settings":{"template":"highway","default_image_id":0,"font":"","enabled":false},"version":2},"jetpack_post_was_ever_published":false},"categories":[8],"tags":[],"class_list":["post-1256","post","type-post","status-publish","format-standard","has-post-thumbnail","hentry","category-uas"],"jetpack_publicize_connections":[],"jetpack_sharing_enabled":true,"jetpack_featured_media_url":"https:\/\/veracidadinformativa.com\/wp-content\/uploads\/2026\/09\/28-e1788566337717.jpg","_links":{"self":[{"href":"https:\/\/veracidadinformativa.com\/index.php\/wp-json\/wp\/v2\/posts\/1256","targetHints":{"allow":["GET"]}}],"collection":[{"href":"https:\/\/veracidadinformativa.com\/index.php\/wp-json\/wp\/v2\/posts"}],"about":[{"href":"https:\/\/veracidadinformativa.com\/index.php\/wp-json\/wp\/v2\/types\/post"}],"author":[{"embeddable":true,"href":"https:\/\/veracidadinformativa.com\/index.php\/wp-json\/wp\/v2\/users\/2"}],"replies":[{"embeddable":true,"href":"https:\/\/veracidadinformativa.com\/index.php\/wp-json\/wp\/v2\/comments?post=1256"}],"version-history":[{"count":1,"href":"https:\/\/veracidadinformativa.com\/index.php\/wp-json\/wp\/v2\/posts\/1256\/revisions"}],"predecessor-version":[{"id":1258,"href":"https:\/\/veracidadinformativa.com\/index.php\/wp-json\/wp\/v2\/posts\/1256\/revisions\/1258"}],"wp:featuredmedia":[{"embeddable":true,"href":"https:\/\/veracidadinformativa.com\/index.php\/wp-json\/wp\/v2\/media\/1257"}],"wp:attachment":[{"href":"https:\/\/veracidadinformativa.com\/index.php\/wp-json\/wp\/v2\/media?parent=1256"}],"wp:term":[{"taxonomy":"category","embeddable":true,"href":"https:\/\/veracidadinformativa.com\/index.php\/wp-json\/wp\/v2\/categories?post=1256"},{"taxonomy":"post_tag","embeddable":true,"href":"https:\/\/veracidadinformativa.com\/index.php\/wp-json\/wp\/v2\/tags?post=1256"}],"curies":[{"name":"wp","href":"https:\/\/api.w.org\/{rel}","templated":true}]}}