{"id":1250,"date":"2026-08-26T16:48:37","date_gmt":"2026-08-26T23:48:37","guid":{"rendered":"https:\/\/veracidadinformativa.com\/?p=1250"},"modified":"2026-09-04T16:49:28","modified_gmt":"2026-09-04T23:49:28","slug":"la-universidad-autonoma-de-sinaloa-uas-expresa-una-sincera-felicitacion-a-la-lic-graciela-dominguez-nava-egresada-de-nuestra-casa-de-estudios-ante-su-nombramiento-como-gobernadora-interina-por-el","status":"publish","type":"post","link":"https:\/\/veracidadinformativa.com\/index.php\/2026\/08\/26\/la-universidad-autonoma-de-sinaloa-uas-expresa-una-sincera-felicitacion-a-la-lic-graciela-dominguez-nava-egresada-de-nuestra-casa-de-estudios-ante-su-nombramiento-como-gobernadora-interina-por-el\/","title":{"rendered":"La Universidad Aut\u00f3noma de Sinaloa (UAS) expresa una sincera felicitaci\u00f3n a la Lic. Graciela Dom\u00ednguez Nava, egresada de nuestra Casa de Estudios, ante su nombramiento como Gobernadora Interina por el H. Congreso del Estado de Sinaloa."},"content":{"rendered":"\n<p class=\"wp-block-paragraph\">Refrendamos nuestro compromiso con el trabajo respetuoso, colaborativo e institucional en favor del desarrollo, la gobernabilidad y el bienestar de la sociedad sinaloense.<\/p>\n\n\n\n<p class=\"wp-block-paragraph\">Hacemos un llamado a la unidad, el di\u00e1logo y la legalidad para seguir construyendo juntos el presente y futuro de nuestro estado.<\/p>\n","protected":false},"excerpt":{"rendered":"<p>Refrendamos nuestro compromiso con el trabajo respetuoso, colaborativo e institucional en favor del desarrollo, la gobernabilidad y el bienestar de la sociedad sinaloense. Hacemos un llamado a la unidad, el di\u00e1logo y la legalidad para seguir construyendo juntos el presente y futuro de nuestro estado.<\/p>\n","protected":false},"author":2,"featured_media":1251,"comment_status":"closed","ping_status":"closed","sticky":false,"template":"","format":"standard","meta":{"_jetpack_newsletter_access":"","_jetpack_dont_email_post_to_subs":false,"_jetpack_newsletter_tier_id":0,"_jetpack_memberships_contains_paywalled_content":false,"_jetpack_feature_clip_id":0,"_jetpack_memberships_contains_paid_content":false,"footnotes":"","jetpack_publicize_message":"","jetpack_publicize_feature_enabled":true,"jetpack_social_post_already_shared":true,"jetpack_social_options":{"image_generator_settings":{"template":"highway","default_image_id":0,"font":"","enabled":false},"version":2},"jetpack_post_was_ever_published":false},"categories":[8],"tags":[],"class_list":["post-1250","post","type-post","status-publish","format-standard","has-post-thumbnail","hentry","category-uas"],"jetpack_publicize_connections":[],"jetpack_sharing_enabled":true,"jetpack_featured_media_url":"https:\/\/veracidadinformativa.com\/wp-content\/uploads\/2026\/09\/26-e1788565759541.jpg","_links":{"self":[{"href":"https:\/\/veracidadinformativa.com\/index.php\/wp-json\/wp\/v2\/posts\/1250","targetHints":{"allow":["GET"]}}],"collection":[{"href":"https:\/\/veracidadinformativa.com\/index.php\/wp-json\/wp\/v2\/posts"}],"about":[{"href":"https:\/\/veracidadinformativa.com\/index.php\/wp-json\/wp\/v2\/types\/post"}],"author":[{"embeddable":true,"href":"https:\/\/veracidadinformativa.com\/index.php\/wp-json\/wp\/v2\/users\/2"}],"replies":[{"embeddable":true,"href":"https:\/\/veracidadinformativa.com\/index.php\/wp-json\/wp\/v2\/comments?post=1250"}],"version-history":[{"count":1,"href":"https:\/\/veracidadinformativa.com\/index.php\/wp-json\/wp\/v2\/posts\/1250\/revisions"}],"predecessor-version":[{"id":1252,"href":"https:\/\/veracidadinformativa.com\/index.php\/wp-json\/wp\/v2\/posts\/1250\/revisions\/1252"}],"wp:featuredmedia":[{"embeddable":true,"href":"https:\/\/veracidadinformativa.com\/index.php\/wp-json\/wp\/v2\/media\/1251"}],"wp:attachment":[{"href":"https:\/\/veracidadinformativa.com\/index.php\/wp-json\/wp\/v2\/media?parent=1250"}],"wp:term":[{"taxonomy":"category","embeddable":true,"href":"https:\/\/veracidadinformativa.com\/index.php\/wp-json\/wp\/v2\/categories?post=1250"},{"taxonomy":"post_tag","embeddable":true,"href":"https:\/\/veracidadinformativa.com\/index.php\/wp-json\/wp\/v2\/tags?post=1250"}],"curies":[{"name":"wp","href":"https:\/\/api.w.org\/{rel}","templated":true}]}}