{"id":1247,"date":"2026-08-25T16:44:43","date_gmt":"2026-08-25T23:44:43","guid":{"rendered":"https:\/\/veracidadinformativa.com\/?p=1247"},"modified":"2026-09-04T16:45:29","modified_gmt":"2026-09-04T23:45:29","slug":"el-servicio-social-universitario-despliega-a-mas-de-12-mil-900-brigadistas-en-proyectos-de-impacto-social-convirtiendo-sus-conocimientos-en-acciones-para-la-comunidad","status":"publish","type":"post","link":"https:\/\/veracidadinformativa.com\/index.php\/2026\/08\/25\/el-servicio-social-universitario-despliega-a-mas-de-12-mil-900-brigadistas-en-proyectos-de-impacto-social-convirtiendo-sus-conocimientos-en-acciones-para-la-comunidad\/","title":{"rendered":"El Servicio Social Universitario despliega a m\u00e1s de 12 mil 900 brigadistas en proyectos de impacto social, convirtiendo sus conocimientos en acciones para la comunidad*"},"content":{"rendered":"\n<p class=\"wp-block-paragraph\">Casi 13 mil j\u00f3venes universitarios de las cuatro unidades regionales de la Universidad Aut\u00f3noma de Sinaloa (UAS) iniciaron hoy su servicio social en dependencias de los tres \u00f3rdenes de Gobierno, organizaciones de la sociedad civil, instituciones de asistencia privada y en la propia universidad.<\/p>\n\n\n\n<p class=\"wp-block-paragraph\">La doctora Maricela Guadalupe P\u00e9rez Carrillo, directora general de Servicio Social, dirigi\u00f3 un mensaje a los ahora brigadistas que concluyeron el proceso completo de la convocatoria para la fase I del ciclo escolar 2026-2027.<\/p>\n\n\n\n<p class=\"wp-block-paragraph\">\u201cQuiero dar la bienvenida a nuestros m\u00e1s de 12 mil 900 j\u00f3venes que realizan su servicio social y decirles que, desde la Direcci\u00f3n General de Servicio Social, los acompa\u00f1aremos en todo el proceso. Pongan en alto su nombre y el de la Universidad Aut\u00f3noma de Sinaloa, la cual les brind\u00f3 la oportunidad de formarse como futuros profesionistas. Los motivamos a no desistir hasta lograr su t\u00edtulo profesional\u201d, expres\u00f3.<\/p>\n\n\n\n<p class=\"wp-block-paragraph\">Asimismo, record\u00f3 a los brigadistas que el servicio social es una pr\u00e1ctica obligatoria y temporal que permite retribuir a la sociedad lo aprendido en las aulas, aplicar conocimientos te\u00f3ricos para solucionar problemas reales y adquirir experiencia para la inserci\u00f3n laboral.<\/p>\n\n\n\n<p class=\"wp-block-paragraph\">\u201cLes recalcamos la importancia del servicio social y la gran oportunidad de crecimiento personal y profesional que representa, as\u00ed como el desarrollo de valores como la responsabilidad y el compromiso social. Aunque enfrentan una etapa nueva que puede generar inquietud o incertidumbre, los j\u00f3venes siempre coinciden en que el servicio social marca un \u2018antes y un despu\u00e9s\u2019. Se trata de llevar a la comunidad el conocimiento adquirido en el aula y asumir un compromiso rec\u00edproco\u201d, a\u00f1adi\u00f3.<\/p>\n\n\n\n<p class=\"wp-block-paragraph\">Por otra parte, reconoci\u00f3 el trabajo conjunto realizado por las cuatro subdirecciones de servicio social, coordinadas por el doctor \u00c9dgar Amed Galaz Torres (Unidad Norte), el licenciado Diego Soberanes Boj\u00f3rquez (Unidad Centro-Norte), la licenciada Ashanti Daniela Rom\u00e1n Le\u00f3n (Unidad Centro) y el doctor V\u00edctor Arturo Ram\u00edrez P\u00e9rez (Unidad Sur).<\/p>\n\n\n\n<p class=\"wp-block-paragraph\">\u201cAh\u00ed est\u00e1n los resultados del trabajo articulado en las cuatro unidades regionales: logramos la inscripci\u00f3n de m\u00e1s de 12 mil 900 j\u00f3venes. Adem\u00e1s, colaboramos estrechamente con la Unidad de Bienestar Universitario y la Direcci\u00f3n General de Vinculaci\u00f3n y Relaciones Internacionales, entidades que nos brindan un valioso apoyo para que las unidades receptoras nos conozcan y soliciten brigadistas que colaboren en sus proyectos\u201d, sostuvo.<\/p>\n\n\n\n<p class=\"wp-block-paragraph\">Al respecto, inform\u00f3 que en este ciclo se desarrollar\u00e1n m\u00e1s de 1,800 proyectos de intervenci\u00f3n en las unidades receptoras para que los brigadistas propongan soluciones a necesidades actuales.<\/p>\n\n\n\n<p class=\"wp-block-paragraph\">Los brigadistas del \u00e1rea de la salud iniciaron su servicio social el pasado 1 de agosto de 2026 y culminar\u00e1n el 31 de julio de 2027, mientras que los alumnos de las dem\u00e1s \u00e1reas del conocimiento comenzaron este lunes 24 de agosto y finalizar\u00e1n el 27 de febrero de 2027.<\/p>\n","protected":false},"excerpt":{"rendered":"<p>Casi 13 mil j\u00f3venes universitarios de las cuatro unidades regionales de la Universidad Aut\u00f3noma de Sinaloa (UAS) iniciaron hoy su servicio social en dependencias de los tres \u00f3rdenes de Gobierno, organizaciones de la sociedad civil, instituciones de asistencia privada y en la propia universidad. La doctora Maricela Guadalupe P\u00e9rez Carrillo, directora general de Servicio Social,&#46;&#46;&#46;<\/p>\n","protected":false},"author":2,"featured_media":1248,"comment_status":"closed","ping_status":"closed","sticky":false,"template":"","format":"standard","meta":{"_jetpack_newsletter_access":"","_jetpack_dont_email_post_to_subs":false,"_jetpack_newsletter_tier_id":0,"_jetpack_memberships_contains_paywalled_content":false,"_jetpack_feature_clip_id":0,"_jetpack_memberships_contains_paid_content":false,"footnotes":"","jetpack_publicize_message":"","jetpack_publicize_feature_enabled":true,"jetpack_social_post_already_shared":true,"jetpack_social_options":{"image_generator_settings":{"template":"highway","default_image_id":0,"font":"","enabled":false},"version":2},"jetpack_post_was_ever_published":false},"categories":[8],"tags":[],"class_list":["post-1247","post","type-post","status-publish","format-standard","has-post-thumbnail","hentry","category-uas"],"jetpack_publicize_connections":[],"jetpack_sharing_enabled":true,"jetpack_featured_media_url":"https:\/\/veracidadinformativa.com\/wp-content\/uploads\/2026\/09\/25.jpg","_links":{"self":[{"href":"https:\/\/veracidadinformativa.com\/index.php\/wp-json\/wp\/v2\/posts\/1247","targetHints":{"allow":["GET"]}}],"collection":[{"href":"https:\/\/veracidadinformativa.com\/index.php\/wp-json\/wp\/v2\/posts"}],"about":[{"href":"https:\/\/veracidadinformativa.com\/index.php\/wp-json\/wp\/v2\/types\/post"}],"author":[{"embeddable":true,"href":"https:\/\/veracidadinformativa.com\/index.php\/wp-json\/wp\/v2\/users\/2"}],"replies":[{"embeddable":true,"href":"https:\/\/veracidadinformativa.com\/index.php\/wp-json\/wp\/v2\/comments?post=1247"}],"version-history":[{"count":1,"href":"https:\/\/veracidadinformativa.com\/index.php\/wp-json\/wp\/v2\/posts\/1247\/revisions"}],"predecessor-version":[{"id":1249,"href":"https:\/\/veracidadinformativa.com\/index.php\/wp-json\/wp\/v2\/posts\/1247\/revisions\/1249"}],"wp:featuredmedia":[{"embeddable":true,"href":"https:\/\/veracidadinformativa.com\/index.php\/wp-json\/wp\/v2\/media\/1248"}],"wp:attachment":[{"href":"https:\/\/veracidadinformativa.com\/index.php\/wp-json\/wp\/v2\/media?parent=1247"}],"wp:term":[{"taxonomy":"category","embeddable":true,"href":"https:\/\/veracidadinformativa.com\/index.php\/wp-json\/wp\/v2\/categories?post=1247"},{"taxonomy":"post_tag","embeddable":true,"href":"https:\/\/veracidadinformativa.com\/index.php\/wp-json\/wp\/v2\/tags?post=1247"}],"curies":[{"name":"wp","href":"https:\/\/api.w.org\/{rel}","templated":true}]}}