{"id":1244,"date":"2026-08-24T16:40:09","date_gmt":"2026-08-24T23:40:09","guid":{"rendered":"https:\/\/veracidadinformativa.com\/?p=1244"},"modified":"2026-09-04T16:41:04","modified_gmt":"2026-09-04T23:41:04","slug":"oferta-la-facultad-de-estudios-internacionales-y-politicas-publicas-de-la-uas-su-primer-diplomado-en-ventas-negociacion-y-servicio-al-cliente","status":"publish","type":"post","link":"https:\/\/veracidadinformativa.com\/index.php\/2026\/08\/24\/oferta-la-facultad-de-estudios-internacionales-y-politicas-publicas-de-la-uas-su-primer-diplomado-en-ventas-negociacion-y-servicio-al-cliente\/","title":{"rendered":"Oferta la Facultad de Estudios Internacionales y Pol\u00edticas P\u00fablicas de la UAS su primer Diplomado en Ventas, Negociaci\u00f3n y Servicio al Cliente*"},"content":{"rendered":"\n<p class=\"wp-block-paragraph\">Como una propuesta de formaci\u00f3n vinculada a las necesidades actuales del sector empresarial, la Facultad de Estudios Internacionales y Pol\u00edticas P\u00fablicas de la Universidad Aut\u00f3noma de Sinaloa (UAS) prepara la primera edici\u00f3n del Diplomado en Ventas, Negociaci\u00f3n y Servicio al Cliente. Su coordinador, \u00d3scar Ram\u00f3n Sol\u00eds Ch\u00e1vez, calific\u00f3 esta oferta acad\u00e9mica como una de las m\u00e1s fuertes y competitivas que ha presentado la facultad, destacando la s\u00f3lida experiencia de su planta docente.<\/p>\n\n\n\n<p class=\"wp-block-paragraph\">Explic\u00f3 que el programa surgi\u00f3 a partir de un an\u00e1lisis colegiado para atender la din\u00e1mica actual de los mercados y fortalecer el perfil de estudiantes y profesionistas, por lo que busca desarrollar competencias comerciales mediante el uso de herramientas pr\u00e1cticas.<\/p>\n\n\n\n<p class=\"wp-block-paragraph\">\u201cBuscamos llevar un proceso integral que abarque desde la elaboraci\u00f3n de la cotizaci\u00f3n, la venta y la integraci\u00f3n comercial, hasta concretar la comercializaci\u00f3n del proyecto\u201d, coment\u00f3.<\/p>\n\n\n\n<p class=\"wp-block-paragraph\">Inform\u00f3 que esta primera edici\u00f3n se desarrollar\u00e1 de septiembre a febrero en modalidad mixta, con una duraci\u00f3n de 240 horas. Dar\u00e1 inicio el 12 de septiembre y estar\u00e1 estructurada en cinco m\u00f3dulos: Fundamentos de ventas y mentalidad comercial; Elaboraci\u00f3n de cotizaciones y propuestas de valor; Contratos y aspectos legales de la relaci\u00f3n comercial; Negociaci\u00f3n estrat\u00e9gica y cierre de ventas; e Inteligencia de servicio al cliente y fidelizaci\u00f3n.<\/p>\n\n\n\n<p class=\"wp-block-paragraph\">Respecto al cuerpo docente, Sol\u00eds Ch\u00e1vez destac\u00f3 que el diplomado estar\u00e1 a cargo de profesionales altamente preparados, con s\u00f3lida formaci\u00f3n acad\u00e9mica y amplia experiencia en el sector privado, particularmente en \u00e1reas como asesor\u00eda aduanal, financiera y consultor\u00eda de mercados.<\/p>\n\n\n\n<p class=\"wp-block-paragraph\">\u201cEsta inmersi\u00f3n real y cotidiana garantiza que los alumnos aprender\u00e1n de profesionales que aplican estos conocimientos todos los d\u00edas en el \u00e1mbito empresarial\u201d, afirm\u00f3.<\/p>\n\n\n\n<p class=\"wp-block-paragraph\">El diplomado tendr\u00e1 un costo de 5 mil 800 pesos para la comunidad UAS (alumnos, egresados y trabajadores universitarios) y de 6 mil 300 pesos para el p\u00fablico en general, monto que incluye inscripci\u00f3n y certificaci\u00f3n. Para los egresados que elijan este programa como opci\u00f3n de titulaci\u00f3n, se requiere contar con el 100 por ciento de cr\u00e9ditos, certificado oficial y carta de liberaci\u00f3n del servicio social; los aspirantes externos deber\u00e1n presentar t\u00edtulo profesional en un \u00e1rea econ\u00f3mico-administrativa af\u00edn, mientras que el p\u00fablico en general deber\u00e1 entregar solicitud de ingreso, identificaci\u00f3n oficial, CURP y fotograf\u00eda.<\/p>\n\n\n\n<p class=\"wp-block-paragraph\">Los interesados pueden solicitar m\u00e1s informaci\u00f3n en la Facultad de Estudios Internacionales y Pol\u00edticas P\u00fablicas, a trav\u00e9s del correo electr\u00f3nico ecfeiypp@uas.edu.mx o en sus redes sociales oficiales como Facultad de Estudios Internacionales y Pol\u00edticas P\u00fablicas.<\/p>\n","protected":false},"excerpt":{"rendered":"<p>Como una propuesta de formaci\u00f3n vinculada a las necesidades actuales del sector empresarial, la Facultad de Estudios Internacionales y Pol\u00edticas P\u00fablicas de la Universidad Aut\u00f3noma de Sinaloa (UAS) prepara la primera edici\u00f3n del Diplomado en Ventas, Negociaci\u00f3n y Servicio al Cliente. Su coordinador, \u00d3scar Ram\u00f3n Sol\u00eds Ch\u00e1vez, calific\u00f3 esta oferta acad\u00e9mica como una de las&#46;&#46;&#46;<\/p>\n","protected":false},"author":2,"featured_media":1245,"comment_status":"closed","ping_status":"closed","sticky":false,"template":"","format":"standard","meta":{"_jetpack_newsletter_access":"","_jetpack_dont_email_post_to_subs":false,"_jetpack_newsletter_tier_id":0,"_jetpack_memberships_contains_paywalled_content":false,"_jetpack_feature_clip_id":0,"_jetpack_memberships_contains_paid_content":false,"footnotes":"","jetpack_publicize_message":"","jetpack_publicize_feature_enabled":true,"jetpack_social_post_already_shared":true,"jetpack_social_options":{"image_generator_settings":{"template":"highway","default_image_id":0,"font":"","enabled":false},"version":2},"jetpack_post_was_ever_published":false},"categories":[8],"tags":[],"class_list":["post-1244","post","type-post","status-publish","format-standard","has-post-thumbnail","hentry","category-uas"],"jetpack_publicize_connections":[],"jetpack_sharing_enabled":true,"jetpack_featured_media_url":"https:\/\/veracidadinformativa.com\/wp-content\/uploads\/2026\/09\/24-e1788565251400.jpg","_links":{"self":[{"href":"https:\/\/veracidadinformativa.com\/index.php\/wp-json\/wp\/v2\/posts\/1244","targetHints":{"allow":["GET"]}}],"collection":[{"href":"https:\/\/veracidadinformativa.com\/index.php\/wp-json\/wp\/v2\/posts"}],"about":[{"href":"https:\/\/veracidadinformativa.com\/index.php\/wp-json\/wp\/v2\/types\/post"}],"author":[{"embeddable":true,"href":"https:\/\/veracidadinformativa.com\/index.php\/wp-json\/wp\/v2\/users\/2"}],"replies":[{"embeddable":true,"href":"https:\/\/veracidadinformativa.com\/index.php\/wp-json\/wp\/v2\/comments?post=1244"}],"version-history":[{"count":1,"href":"https:\/\/veracidadinformativa.com\/index.php\/wp-json\/wp\/v2\/posts\/1244\/revisions"}],"predecessor-version":[{"id":1246,"href":"https:\/\/veracidadinformativa.com\/index.php\/wp-json\/wp\/v2\/posts\/1244\/revisions\/1246"}],"wp:featuredmedia":[{"embeddable":true,"href":"https:\/\/veracidadinformativa.com\/index.php\/wp-json\/wp\/v2\/media\/1245"}],"wp:attachment":[{"href":"https:\/\/veracidadinformativa.com\/index.php\/wp-json\/wp\/v2\/media?parent=1244"}],"wp:term":[{"taxonomy":"category","embeddable":true,"href":"https:\/\/veracidadinformativa.com\/index.php\/wp-json\/wp\/v2\/categories?post=1244"},{"taxonomy":"post_tag","embeddable":true,"href":"https:\/\/veracidadinformativa.com\/index.php\/wp-json\/wp\/v2\/tags?post=1244"}],"curies":[{"name":"wp","href":"https:\/\/api.w.org\/{rel}","templated":true}]}}