{"id":1235,"date":"2026-08-20T16:29:33","date_gmt":"2026-08-20T23:29:33","guid":{"rendered":"https:\/\/veracidadinformativa.com\/?p=1235"},"modified":"2026-09-04T16:30:09","modified_gmt":"2026-09-04T23:30:09","slug":"se-prepara-la-uas-con-certidumbre-laboral-y-mejoras-en-infraestructura-encabezan-autoridades-reunion-de-asignacion-de-cargas-academicas-en-la-preparatoria-dr-salvador-allende","status":"publish","type":"post","link":"https:\/\/veracidadinformativa.com\/index.php\/2026\/08\/20\/se-prepara-la-uas-con-certidumbre-laboral-y-mejoras-en-infraestructura-encabezan-autoridades-reunion-de-asignacion-de-cargas-academicas-en-la-preparatoria-dr-salvador-allende\/","title":{"rendered":"Se prepara la UAS con certidumbre laboral y mejoras en infraestructura; encabezan autoridades reuni\u00f3n de asignaci\u00f3n de cargas acad\u00e9micas en la Preparatoria Dr. Salvador Allende*"},"content":{"rendered":"\n<p class=\"wp-block-paragraph\">La transparencia, la rendici\u00f3n de cuentas, el respeto a los derechos laborales de los trabajadores, la infraestructura en \u00f3ptimas condiciones y una planta docente capacitada para brindar la mejor atenci\u00f3n a los estudiantes, ser\u00e1n los aspectos que caracterizar\u00e1n el nuevo Ciclo Escolar 2026-2027 en la Universidad Aut\u00f3noma de Sinaloa (UAS). As\u00ed qued\u00f3 de manifiesto durante la reuni\u00f3n que encabezaron autoridades universitarias con personal de la Preparatoria Salvador Allende.<\/p>\n\n\n\n<p class=\"wp-block-paragraph\">El Vicerrector de la Unidad Regional Centro (URC), doctor Wencseslao Plata Rocha, encabez\u00f3 la comisi\u00f3n que realiz\u00f3 un recorrido por las instalaciones y sostuvo un encuentro con el personal acad\u00e9mico y administrativo del plantel, quienes fueron convocados para atender la asignaci\u00f3n de cargas acad\u00e9micas.<\/p>\n\n\n\n<p class=\"wp-block-paragraph\">\u201cPrimero que nada, darles la bienvenida al Ciclo Escolar 2026-2027 de parte de nuestro Rector, el doctor Jes\u00fas Madue\u00f1a Molina; agradecerles y reconocerles a todas y todos ustedes por el gran trabajo que realizan en esta Unidad Acad\u00e9mica Preparatoria Salvador Allende desde sus diferentes espacios\u201d, expres\u00f3 el Vicerrector, al destacar la labor de las comisiones Mixta y General en la distribuci\u00f3n de las cargas horas.<\/p>\n\n\n\n<p class=\"wp-block-paragraph\">Asimismo, exhort\u00f3 a los presentes a seguir trabajando en unidad, armon\u00eda y de manera incluyente para consolidar una formaci\u00f3n de calidad para los estudiantes, al tiempo que reiter\u00f3 el respaldo del Rector, doctor Jes\u00fas Madue\u00f1a Molina, en los \u00e1mbitos acad\u00e9mico, profesional y laboral.<\/p>\n\n\n\n<p class=\"wp-block-paragraph\">Por su parte, el Director General de Recursos Humanos, doctor Antonio Gonz\u00e1lez Balc\u00e1zar, enfatiz\u00f3 la importancia de cumplir con la asignaci\u00f3n de cargas acad\u00e9micas en tiempo y forma para evitar observaciones en las auditor\u00edas externas. De igual forma, precis\u00f3 que quienes cuentan con horas frente a grupo deben cumplirlas puntualmente y, en su caso, atender sus responsabilidades administrativas, siempre apegados al Contrato Colectivo de Trabajo.<\/p>\n\n\n\n<p class=\"wp-block-paragraph\">Expuso que, si bien las auditor\u00edas externas son cada vez m\u00e1s rigurosas, existe la certeza de que no se tendr\u00e1n dificultades para responder satisfactoriamente a las mismas.<\/p>\n\n\n\n<p class=\"wp-block-paragraph\">\u201cA m\u00ed me dio mucho gusto ahorita que llegamos, que la Directora nos invit\u00f3 a un recorrido y vimos que todos est\u00e1n trabajando en la semana de inducci\u00f3n. (\u2026) Cuidemos esto: el trabajo que tenemos. Hagamos lo que nos corresponde a cada quien, demos nuestras clases, si somos docentes, y cumplamos la tarea administrativa. Les quiero agradecer y decirles que den un plus por la instituci\u00f3n y por esta emblem\u00e1tica Escuela Preparatoria Salvador Allende\u201d, extern\u00f3 Gonz\u00e1lez Balc\u00e1zar.<\/p>\n\n\n\n<p class=\"wp-block-paragraph\">Por \u00faltimo, el Director General de Comunicaci\u00f3n Social, doctor Jos\u00e9 Carlos Aceves Tamayo, detall\u00f3 que es instrucci\u00f3n del Rector realizar recorridos por todas las unidades acad\u00e9micas de nivel superior y medio superior para conocer las necesidades de infraestructura y atenderlas de manera inmediata, con el fin de que el pr\u00f3ximo 24 de agosto, d\u00eda de inicio de clases, todos los espacios cuenten con las condiciones id\u00f3neas para recibir a la comunidad estudiantil.<\/p>\n\n\n\n<p class=\"wp-block-paragraph\">Agreg\u00f3 que los avances de la instituci\u00f3n y el progreso en las gestiones financieras se han logrado gracias al esfuerzo, la responsabilidad y el compromiso colectivo del personal docente y administrativo.<\/p>\n\n\n\n<p class=\"wp-block-paragraph\">La bienvenida estuvo a cargo de la Directora del plantel, doctora Susana Sandoval Mac\u00edas, quien ponder\u00f3 el proceso de asignaci\u00f3n de cargas acad\u00e9micas por ser un derecho de los trabajadores que reconoce la pr\u00e1ctica docente, la labor acad\u00e9mica y la trayectoria del personal.<\/p>\n\n\n\n<p class=\"wp-block-paragraph\">\u201cEs para m\u00ed un honor estar aqu\u00ed en esta asignaci\u00f3n de cargas, porque nos da la seguridad y la confianza de que cada uno de los docentes estar\u00e1 frente a grupo atendiendo los programas acad\u00e9micos con \u00e9tica y responsabilidad social. Vamos a respetar cada uno de los derechos que establece el Contrato Colectivo de Trabajo en esta jornada\u201d, concluy\u00f3.<\/p>\n","protected":false},"excerpt":{"rendered":"<p>La transparencia, la rendici\u00f3n de cuentas, el respeto a los derechos laborales de los trabajadores, la infraestructura en \u00f3ptimas condiciones y una planta docente capacitada para brindar la mejor atenci\u00f3n a los estudiantes, ser\u00e1n los aspectos que caracterizar\u00e1n el nuevo Ciclo Escolar 2026-2027 en la Universidad Aut\u00f3noma de Sinaloa (UAS). As\u00ed qued\u00f3 de manifiesto durante&#46;&#46;&#46;<\/p>\n","protected":false},"author":2,"featured_media":1236,"comment_status":"closed","ping_status":"closed","sticky":false,"template":"","format":"standard","meta":{"_jetpack_newsletter_access":"","_jetpack_dont_email_post_to_subs":false,"_jetpack_newsletter_tier_id":0,"_jetpack_memberships_contains_paywalled_content":false,"_jetpack_feature_clip_id":0,"_jetpack_memberships_contains_paid_content":false,"footnotes":"","jetpack_publicize_message":"","jetpack_publicize_feature_enabled":true,"jetpack_social_post_already_shared":true,"jetpack_social_options":{"image_generator_settings":{"template":"highway","default_image_id":0,"font":"","enabled":false},"version":2},"jetpack_post_was_ever_published":false},"categories":[8],"tags":[],"class_list":["post-1235","post","type-post","status-publish","format-standard","has-post-thumbnail","hentry","category-uas"],"jetpack_publicize_connections":[],"jetpack_sharing_enabled":true,"jetpack_featured_media_url":"https:\/\/veracidadinformativa.com\/wp-content\/uploads\/2026\/09\/20.jpg","_links":{"self":[{"href":"https:\/\/veracidadinformativa.com\/index.php\/wp-json\/wp\/v2\/posts\/1235","targetHints":{"allow":["GET"]}}],"collection":[{"href":"https:\/\/veracidadinformativa.com\/index.php\/wp-json\/wp\/v2\/posts"}],"about":[{"href":"https:\/\/veracidadinformativa.com\/index.php\/wp-json\/wp\/v2\/types\/post"}],"author":[{"embeddable":true,"href":"https:\/\/veracidadinformativa.com\/index.php\/wp-json\/wp\/v2\/users\/2"}],"replies":[{"embeddable":true,"href":"https:\/\/veracidadinformativa.com\/index.php\/wp-json\/wp\/v2\/comments?post=1235"}],"version-history":[{"count":1,"href":"https:\/\/veracidadinformativa.com\/index.php\/wp-json\/wp\/v2\/posts\/1235\/revisions"}],"predecessor-version":[{"id":1237,"href":"https:\/\/veracidadinformativa.com\/index.php\/wp-json\/wp\/v2\/posts\/1235\/revisions\/1237"}],"wp:featuredmedia":[{"embeddable":true,"href":"https:\/\/veracidadinformativa.com\/index.php\/wp-json\/wp\/v2\/media\/1236"}],"wp:attachment":[{"href":"https:\/\/veracidadinformativa.com\/index.php\/wp-json\/wp\/v2\/media?parent=1235"}],"wp:term":[{"taxonomy":"category","embeddable":true,"href":"https:\/\/veracidadinformativa.com\/index.php\/wp-json\/wp\/v2\/categories?post=1235"},{"taxonomy":"post_tag","embeddable":true,"href":"https:\/\/veracidadinformativa.com\/index.php\/wp-json\/wp\/v2\/tags?post=1235"}],"curies":[{"name":"wp","href":"https:\/\/api.w.org\/{rel}","templated":true}]}}