{"id":1232,"date":"2026-08-19T16:26:19","date_gmt":"2026-08-19T23:26:19","guid":{"rendered":"https:\/\/veracidadinformativa.com\/?p=1232"},"modified":"2026-09-04T16:26:50","modified_gmt":"2026-09-04T23:26:50","slug":"refuerzan-autoridades-de-la-uas-dialogo-con-personal-docente-y-administrativo-de-la-facultad-de-medicina-garantizan-condiciones-optimas-e-infraestructura-lista-para-el-ciclo-escolar","status":"publish","type":"post","link":"https:\/\/veracidadinformativa.com\/index.php\/2026\/08\/19\/refuerzan-autoridades-de-la-uas-dialogo-con-personal-docente-y-administrativo-de-la-facultad-de-medicina-garantizan-condiciones-optimas-e-infraestructura-lista-para-el-ciclo-escolar\/","title":{"rendered":"*Refuerzan autoridades de la UAS di\u00e1logo con personal docente y administrativo de la Facultad de Medicina; garantizan condiciones \u00f3ptimas e infraestructura lista para el Ciclo Escolar*"},"content":{"rendered":"\n<p class=\"wp-block-paragraph\">Autoridades de la administraci\u00f3n central de la Universidad Aut\u00f3noma de Sinaloa (UAS) realizaron un recorrido por las instalaciones de la Facultad de Medicina, Campus II, adem\u00e1s de sostener una reuni\u00f3n con el personal administrativo y docente.<\/p>\n\n\n\n<p class=\"wp-block-paragraph\">El primero en tomar la palabra fue el vicerrector de la Unidad Regional Centro (URC), el doctor Wenseslao Plata Rocha, para dar la bienvenida a la planta docente y administrativa presente en el recinto del H. Consejo Universitario, de cara al inicio del ciclo escolar 2026-2027.<\/p>\n\n\n\n<p class=\"wp-block-paragraph\">\u201cEsta reuni\u00f3n es para agradecerles y reconocerles todo el trabajo que desarrollan en sus espacios laborales. Sepan que, en la Universidad, sus funcionarios estamos para apoyarles en lo que se requiera y, por supuesto, darles acompa\u00f1amiento en este ciclo escolar 2026-2027\u201d, se\u00f1al\u00f3.<\/p>\n\n\n\n<p class=\"wp-block-paragraph\">Posteriormente, el doctor Antonio Gonz\u00e1lez Balc\u00e1zar, director general de Recursos Humanos, inform\u00f3 acerca de los recientes procesos de auditor\u00eda celebrados y de las observaciones pendientes de atender por parte de la Auditor\u00eda Superior de la Federaci\u00f3n (ASF) y de la Auditor\u00eda Superior del Estado (ASE).<\/p>\n\n\n\n<p class=\"wp-block-paragraph\">\u201cEsas auditor\u00edas, como cada vez exigen m\u00e1s, tenemos que hacer ajustes para poder cumplir con ellas y, debido a eso, se acortaron los tiempos de las convocatorias\u201d, mencion\u00f3.<\/p>\n\n\n\n<p class=\"wp-block-paragraph\">Tambi\u00e9n se refiri\u00f3 a las modificaciones de la Ley Federal del Trabajo (LFT) en cuanto a horarios, registro electr\u00f3nico de entradas y salidas de todos los trabajadores, y cargas laborales.<\/p>\n\n\n\n<p class=\"wp-block-paragraph\">\u201cEs muy importante que cuidemos estos detalles. Para poder ayudarlos, vamos a emprender una jornada a partir del 24 de agosto en la que tres compa\u00f1eros van a supervisar las escuelas; primero para apoyarlos y posteriormente para hacer recomendaciones, por lo que ocupamos que la administraci\u00f3n de la escuela nos ayude\u201d, dijo.<\/p>\n\n\n\n<p class=\"wp-block-paragraph\">Por su parte, el director general de Comunicaci\u00f3n Social, doctor Jos\u00e9 Carlos Aceves Tamayo, declar\u00f3 que estos ejercicios forman parte de las tareas establecidas por el Rector, doctor Jes\u00fas Madue\u00f1a Molina, para reforzar las acciones sustantivas de la instituci\u00f3n previo al inicio de clases.<\/p>\n\n\n\n<p class=\"wp-block-paragraph\">\u201cPor ello es muy importante, compa\u00f1eras y compa\u00f1eros, que nos demos cuenta de la magnitud del trabajo que se viene realizando; reconocerlos a ustedes por los resultados, repito, que son muy positivos, y tambi\u00e9n poder seguir trabajando en este reordenamiento que tenemos que hacer en la universidad y que, de manera natural, a quien va a beneficiar en un primer momento es a los estudiantes\u201d, subray\u00f3.<\/p>\n\n\n\n<p class=\"wp-block-paragraph\">Asimismo, comparti\u00f3 que, por instrucciones del rector, continuar\u00e1n los recorridos en todas las unidades acad\u00e9micas para garantizar que la infraestructura, el equipamiento, la conectividad, la climatizaci\u00f3n y el mobiliario se encuentren en condiciones \u00f3ptimas para recibir a los 168 mil estudiantes que este 24 de agosto ingresan a las aulas universitarias.<\/p>\n\n\n\n<p class=\"wp-block-paragraph\">Para finalizar, el doctor Jorge Adalberto Vel\u00e1zquez Rom\u00e1n, director de la Facultad de Medicina, agradeci\u00f3 a las autoridades de la administraci\u00f3n central por promover estos espacios de di\u00e1logo que permiten atender de primera mano las necesidades de esta unidad acad\u00e9mica.<\/p>\n","protected":false},"excerpt":{"rendered":"<p>Autoridades de la administraci\u00f3n central de la Universidad Aut\u00f3noma de Sinaloa (UAS) realizaron un recorrido por las instalaciones de la Facultad de Medicina, Campus II, adem\u00e1s de sostener una reuni\u00f3n con el personal administrativo y docente. El primero en tomar la palabra fue el vicerrector de la Unidad Regional Centro (URC), el doctor Wenseslao Plata&#46;&#46;&#46;<\/p>\n","protected":false},"author":2,"featured_media":1233,"comment_status":"closed","ping_status":"closed","sticky":false,"template":"","format":"standard","meta":{"_jetpack_newsletter_access":"","_jetpack_dont_email_post_to_subs":false,"_jetpack_newsletter_tier_id":0,"_jetpack_memberships_contains_paywalled_content":false,"_jetpack_feature_clip_id":0,"_jetpack_memberships_contains_paid_content":false,"footnotes":"","jetpack_publicize_message":"","jetpack_publicize_feature_enabled":true,"jetpack_social_post_already_shared":true,"jetpack_social_options":{"image_generator_settings":{"template":"highway","default_image_id":0,"font":"","enabled":false},"version":2},"jetpack_post_was_ever_published":false},"categories":[8],"tags":[],"class_list":["post-1232","post","type-post","status-publish","format-standard","has-post-thumbnail","hentry","category-uas"],"jetpack_publicize_connections":[],"jetpack_sharing_enabled":true,"jetpack_featured_media_url":"https:\/\/veracidadinformativa.com\/wp-content\/uploads\/2026\/09\/19-1.jpg","_links":{"self":[{"href":"https:\/\/veracidadinformativa.com\/index.php\/wp-json\/wp\/v2\/posts\/1232","targetHints":{"allow":["GET"]}}],"collection":[{"href":"https:\/\/veracidadinformativa.com\/index.php\/wp-json\/wp\/v2\/posts"}],"about":[{"href":"https:\/\/veracidadinformativa.com\/index.php\/wp-json\/wp\/v2\/types\/post"}],"author":[{"embeddable":true,"href":"https:\/\/veracidadinformativa.com\/index.php\/wp-json\/wp\/v2\/users\/2"}],"replies":[{"embeddable":true,"href":"https:\/\/veracidadinformativa.com\/index.php\/wp-json\/wp\/v2\/comments?post=1232"}],"version-history":[{"count":1,"href":"https:\/\/veracidadinformativa.com\/index.php\/wp-json\/wp\/v2\/posts\/1232\/revisions"}],"predecessor-version":[{"id":1234,"href":"https:\/\/veracidadinformativa.com\/index.php\/wp-json\/wp\/v2\/posts\/1232\/revisions\/1234"}],"wp:featuredmedia":[{"embeddable":true,"href":"https:\/\/veracidadinformativa.com\/index.php\/wp-json\/wp\/v2\/media\/1233"}],"wp:attachment":[{"href":"https:\/\/veracidadinformativa.com\/index.php\/wp-json\/wp\/v2\/media?parent=1232"}],"wp:term":[{"taxonomy":"category","embeddable":true,"href":"https:\/\/veracidadinformativa.com\/index.php\/wp-json\/wp\/v2\/categories?post=1232"},{"taxonomy":"post_tag","embeddable":true,"href":"https:\/\/veracidadinformativa.com\/index.php\/wp-json\/wp\/v2\/tags?post=1232"}],"curies":[{"name":"wp","href":"https:\/\/api.w.org\/{rel}","templated":true}]}}